{"id":1134,"date":"2025-02-20T14:01:23","date_gmt":"2025-02-20T13:01:23","guid":{"rendered":"https:\/\/www.gite-vallee-chevreuse.com\/?p=1134"},"modified":"2025-02-20T14:01:50","modified_gmt":"2025-02-20T13:01:50","slug":"casa-rural-para-desplazamiento-profesional-en-chevreuse-yvelines","status":"publish","type":"post","link":"https:\/\/www.gite-vallee-chevreuse.com\/es\/casa-rural-para-desplazamiento-profesional-en-chevreuse-yvelines\/","title":{"rendered":"Casa rural para desplazamiento profesional en Chevreuse \/ Yvelines"},"content":{"rendered":"<p data-start=\"0\" data-end=\"360\"><img loading=\"lazy\" decoding=\"async\" class=\"wp-image-844 alignleft\" src=\"https:\/\/www.gite-vallee-chevreuse.com\/wp-content\/uploads\/2024\/01\/gite-vallee-chevreuse-chambre.jpg\" alt=\"\" width=\"433\" height=\"577\" \/>Si es un profesional en desplazamiento por los Yvelines, especialmente en la regi\u00f3n de Chevreuse, los G\u00eetes en Vall\u00e9e de Chevreuse ofrecen una soluci\u00f3n de alojamiento ideal que combina confort, practicidad y un entorno verde. Situados en el coraz\u00f3n de Chevreuse, estos alojamientos son perfectamente adecuados para estancias profesionales, noches de etapa y seminarios.<\/p>\n<h2 data-start=\"362\" data-end=\"405\">Un alojamiento adaptado a los profesionales<\/h2>\n<p data-start=\"407\" data-end=\"865\">Los G\u00eetes en Vall\u00e9e de Chevreuse ofrecen cuatro alojamientos independientes, con capacidad para 1 a 14 personas. Cada alojamiento est\u00e1 equipado con conexi\u00f3n Wi-Fi gratuita, indispensable para mantenerse conectado durante sus misiones profesionales. La ropa de cama est\u00e1 incluida, permiti\u00e9ndole viajar ligero y instalarse r\u00e1pidamente. Adem\u00e1s, cada alojamiento dispone de una terraza privada, ofreciendo un espacio de descanso despu\u00e9s de una intensa jornada de trabajo.<\/p>\n<h2 data-start=\"867\" data-end=\"907\">Proximidad con los centros de negocios<\/h2>\n<p data-start=\"909\" data-end=\"1413\">Situados a solo unos kil\u00f3metros de Versalles y de Saint-Quentin-en-Yvelines, los alojamientos gozan de una ubicaci\u00f3n estrat\u00e9gica para los profesionales. La proximidad con estos polos econ\u00f3micos facilita sus desplazamientos y le permite llegar r\u00e1pidamente a sus lugares de reuni\u00f3n. Adem\u00e1s, el pueblo de Chevreuse ofrece todas las comodidades necesarias, con comercios locales abiertos hasta el mediod\u00eda del domingo, como carnicer\u00eda, servicios de catering, queser\u00eda, tienda de vinos y supermercados de proximidad.<\/p>\n<h2 data-start=\"1415\" data-end=\"1463\">Actividades para reforzar la cohesi\u00f3n de equipo<\/h2>\n<p data-start=\"1465\" data-end=\"1866\">Despu\u00e9s de sus reuniones o seminarios, disfrute de las numerosas actividades que ofrece la regi\u00f3n para reforzar la cohesi\u00f3n de su equipo. Los senderos de senderismo, como la \u00abpromenade des petits ponts\u00bb, ofrecen oportunidades ideales para paseos en grupo. El alquiler de bicicletas el\u00e9ctricas en la estaci\u00f3n de Saint-R\u00e9my-l\u00e8s-Chevreuse permite tambi\u00e9n explorar la regi\u00f3n de manera l\u00fadica y ecol\u00f3gica.<\/p>\n<h2 data-start=\"1868\" data-end=\"1919\">Servicios adicionales para los profesionales<\/h2>\n<p data-start=\"1921\" data-end=\"2264\">Conscientes de las necesidades espec\u00edficas de los profesionales, los G\u00eetes en Vall\u00e9e de Chevreuse ponen a disposici\u00f3n servicios adaptados, como espacios de trabajo dedicados y la posibilidad de organizar comidas de catering para sus equipos. Adem\u00e1s, la flexibilidad de los horarios de llegada y salida facilita la gesti\u00f3n de su agenda.<\/p>\n<h2 data-start=\"2266\" data-end=\"2306\">Reserva e informaci\u00f3n pr\u00e1ctica<\/h2>\n<p data-start=\"2308\" data-end=\"2608\">Para organizar su estancia profesional o su noche de etapa en los Yvelines, contacte con C\u00e9line al 06 73 50 06 04 o Camel al 06 81 68 94 76. Tambi\u00e9n puede consultar el sitio web oficial de los G\u00eetes en Vall\u00e9e de Chevreuse para verificar las disponibilidades y realizar una reserva en l\u00ednea.<\/p>\n<p data-start=\"2610\" data-end=\"2800\">Al elegir los G\u00eetes en Vall\u00e9e de Chevreuse para su alojamiento profesional, opta por un entorno que combina eficacia, confort y serenidad, propicio para el \u00e9xito de sus misiones.<\/p>","protected":false},"excerpt":{"rendered":"<p>Si es un profesional en desplazamiento por los Yvelines, especialmente en la regi\u00f3n de Chevreuse, los G\u00eetes en Vall\u00e9e de Chevreuse ofrecen una soluci\u00f3n de alojamiento ideal que combina confort, practicidad y un entorno verde. Situados en el coraz\u00f3n de Chevreuse, estos alojamientos son perfectamente adecuados para estancias profesionales, noches de etapa y seminarios.<\/p>","protected":false},"author":1,"featured_media":736,"comment_status":"closed","ping_status":"closed","sticky":false,"template":"","format":"standard","meta":{"_yoast_wpseo_focuskw":"","_yoast_wpseo_title":"","_yoast_wpseo_metadesc":"","_yoast_wpseo_opengraph-title":"","_yoast_wpseo_opengraph-image":"","_yoast_wpseo_twitter-title":"","_yoast_wpseo_twitter-image":"","_et_pb_use_builder":"","_et_pb_old_content":"","_et_gb_content_width":"","footnotes":""},"categories":[25],"tags":[],"class_list":["post-1134","post","type-post","status-publish","format-standard","has-post-thumbnail","hentry","category-gite-pour-deplacement-professionnel-en-chevreuse-yvelines"],"yoast_head":"<!-- This site is optimized with the Yoast SEO plugin v27.5 - https:\/\/yoast.com\/product\/yoast-seo-wordpress\/ -->\n<title>G\u00eete pour d\u00e9placement professionnel en Chevreuse \/ Yvelines - G\u00eete en vall\u00e9e de Chevreuse<\/title>\n<meta name=\"robots\" content=\"index, follow, max-snippet:-1, max-image-preview:large, max-video-preview:-1\" \/>\n<link rel=\"canonical\" href=\"https:\/\/www.gite-vallee-chevreuse.com\/es\/casa-rural-para-desplazamiento-profesional-en-chevreuse-yvelines\/\" \/>\n<meta property=\"og:locale\" content=\"es_ES\" \/>\n<meta property=\"og:type\" content=\"article\" \/>\n<meta property=\"og:title\" content=\"G\u00eete pour d\u00e9placement professionnel en Chevreuse \/ Yvelines - G\u00eete en vall\u00e9e de Chevreuse\" \/>\n<meta property=\"og:description\" content=\"Si vous \u00eates un professionnel en d\u00e9placement dans les Yvelines, notamment dans la r\u00e9gion de Chevreuse, les G\u00eetes en Vall\u00e9e de Chevreuse offrent une solution d&rsquo;h\u00e9bergement id\u00e9ale alliant confort, praticit\u00e9 et cadre verdoyant. Situ\u00e9s au c\u0153ur de Chevreuse, ces g\u00eetes sont parfaitement adapt\u00e9s pour les s\u00e9jours professionnels, les soir\u00e9es \u00e9tapes et les s\u00e9minaires. Un h\u00e9bergement [&hellip;]\" \/>\n<meta property=\"og:url\" content=\"https:\/\/www.gite-vallee-chevreuse.com\/es\/casa-rural-para-desplazamiento-profesional-en-chevreuse-yvelines\/\" \/>\n<meta property=\"og:site_name\" content=\"G\u00eete en vall\u00e9e de Chevreuse\" \/>\n<meta property=\"article:published_time\" content=\"2025-02-20T13:01:23+00:00\" \/>\n<meta property=\"article:modified_time\" content=\"2025-02-20T13:01:50+00:00\" \/>\n<meta property=\"og:image\" content=\"https:\/\/www.gite-vallee-chevreuse.com\/wp-content\/uploads\/2021\/05\/20190916_171139-scaled.jpg\" \/>\n\t<meta property=\"og:image:width\" content=\"2560\" \/>\n\t<meta property=\"og:image:height\" content=\"1244\" \/>\n\t<meta property=\"og:image:type\" content=\"image\/jpeg\" \/>\n<meta name=\"author\" content=\"Gite-vallee-chev_HWD\" \/>\n<meta name=\"twitter:card\" content=\"summary_large_image\" \/>\n<meta name=\"twitter:label1\" content=\"Escrito por\" \/>\n\t<meta name=\"twitter:data1\" content=\"Gite-vallee-chev_HWD\" \/>\n\t<meta name=\"twitter:label2\" content=\"Tiempo de lectura\" \/>\n\t<meta name=\"twitter:data2\" content=\"3 minutos\" \/>\n<script type=\"application\/ld+json\" class=\"yoast-schema-graph\">{\"@context\":\"https:\\\/\\\/schema.org\",\"@graph\":[{\"@type\":\"Article\",\"@id\":\"https:\\\/\\\/www.gite-vallee-chevreuse.com\\\/gite-pour-deplacement-professionnel-en-chevreuse-yvelines\\\/#article\",\"isPartOf\":{\"@id\":\"https:\\\/\\\/www.gite-vallee-chevreuse.com\\\/gite-pour-deplacement-professionnel-en-chevreuse-yvelines\\\/\"},\"author\":{\"name\":\"Gite-vallee-chev_HWD\",\"@id\":\"https:\\\/\\\/www.gite-vallee-chevreuse.com\\\/#\\\/schema\\\/person\\\/649ee4ca02a81961cde8ccc17089f8c5\"},\"headline\":\"G\u00eete pour d\u00e9placement professionnel en Chevreuse \\\/ Yvelines\",\"datePublished\":\"2025-02-20T13:01:23+00:00\",\"dateModified\":\"2025-02-20T13:01:50+00:00\",\"mainEntityOfPage\":{\"@id\":\"https:\\\/\\\/www.gite-vallee-chevreuse.com\\\/gite-pour-deplacement-professionnel-en-chevreuse-yvelines\\\/\"},\"wordCount\":483,\"publisher\":{\"@id\":\"https:\\\/\\\/www.gite-vallee-chevreuse.com\\\/#organization\"},\"image\":{\"@id\":\"https:\\\/\\\/www.gite-vallee-chevreuse.com\\\/gite-pour-deplacement-professionnel-en-chevreuse-yvelines\\\/#primaryimage\"},\"thumbnailUrl\":\"https:\\\/\\\/www.gite-vallee-chevreuse.com\\\/wp-content\\\/uploads\\\/2021\\\/05\\\/20190916_171139-scaled.jpg\",\"articleSection\":[\"G\u00eete pour d\u00e9placement professionnel en Chevreuse \\\/ Yvelines\"],\"inLanguage\":\"es\"},{\"@type\":\"WebPage\",\"@id\":\"https:\\\/\\\/www.gite-vallee-chevreuse.com\\\/gite-pour-deplacement-professionnel-en-chevreuse-yvelines\\\/\",\"url\":\"https:\\\/\\\/www.gite-vallee-chevreuse.com\\\/gite-pour-deplacement-professionnel-en-chevreuse-yvelines\\\/\",\"name\":\"G\u00eete pour d\u00e9placement professionnel en Chevreuse \\\/ Yvelines - G\u00eete en vall\u00e9e de Chevreuse\",\"isPartOf\":{\"@id\":\"https:\\\/\\\/www.gite-vallee-chevreuse.com\\\/#website\"},\"primaryImageOfPage\":{\"@id\":\"https:\\\/\\\/www.gite-vallee-chevreuse.com\\\/gite-pour-deplacement-professionnel-en-chevreuse-yvelines\\\/#primaryimage\"},\"image\":{\"@id\":\"https:\\\/\\\/www.gite-vallee-chevreuse.com\\\/gite-pour-deplacement-professionnel-en-chevreuse-yvelines\\\/#primaryimage\"},\"thumbnailUrl\":\"https:\\\/\\\/www.gite-vallee-chevreuse.com\\\/wp-content\\\/uploads\\\/2021\\\/05\\\/20190916_171139-scaled.jpg\",\"datePublished\":\"2025-02-20T13:01:23+00:00\",\"dateModified\":\"2025-02-20T13:01:50+00:00\",\"breadcrumb\":{\"@id\":\"https:\\\/\\\/www.gite-vallee-chevreuse.com\\\/gite-pour-deplacement-professionnel-en-chevreuse-yvelines\\\/#breadcrumb\"},\"inLanguage\":\"es\",\"potentialAction\":[{\"@type\":\"ReadAction\",\"target\":[\"https:\\\/\\\/www.gite-vallee-chevreuse.com\\\/gite-pour-deplacement-professionnel-en-chevreuse-yvelines\\\/\"]}]},{\"@type\":\"ImageObject\",\"inLanguage\":\"es\",\"@id\":\"https:\\\/\\\/www.gite-vallee-chevreuse.com\\\/gite-pour-deplacement-professionnel-en-chevreuse-yvelines\\\/#primaryimage\",\"url\":\"https:\\\/\\\/www.gite-vallee-chevreuse.com\\\/wp-content\\\/uploads\\\/2021\\\/05\\\/20190916_171139-scaled.jpg\",\"contentUrl\":\"https:\\\/\\\/www.gite-vallee-chevreuse.com\\\/wp-content\\\/uploads\\\/2021\\\/05\\\/20190916_171139-scaled.jpg\",\"width\":2560,\"height\":1244,\"caption\":\"chambre studio lit 180x200 ou 2x 90x200\"},{\"@type\":\"BreadcrumbList\",\"@id\":\"https:\\\/\\\/www.gite-vallee-chevreuse.com\\\/gite-pour-deplacement-professionnel-en-chevreuse-yvelines\\\/#breadcrumb\",\"itemListElement\":[{\"@type\":\"ListItem\",\"position\":1,\"name\":\"Accueil\",\"item\":\"https:\\\/\\\/www.gite-vallee-chevreuse.com\\\/\"},{\"@type\":\"ListItem\",\"position\":2,\"name\":\"G\u00eete pour d\u00e9placement professionnel en Chevreuse \\\/ Yvelines\"}]},{\"@type\":\"WebSite\",\"@id\":\"https:\\\/\\\/www.gite-vallee-chevreuse.com\\\/#website\",\"url\":\"https:\\\/\\\/www.gite-vallee-chevreuse.com\\\/\",\"name\":\"G\u00eete en vall\u00e9e de Chevreuse\",\"description\":\"Gites chambre d&#039;hote en vall\u00e9e de Chevreuse\",\"publisher\":{\"@id\":\"https:\\\/\\\/www.gite-vallee-chevreuse.com\\\/#organization\"},\"potentialAction\":[{\"@type\":\"SearchAction\",\"target\":{\"@type\":\"EntryPoint\",\"urlTemplate\":\"https:\\\/\\\/www.gite-vallee-chevreuse.com\\\/?s={search_term_string}\"},\"query-input\":{\"@type\":\"PropertyValueSpecification\",\"valueRequired\":true,\"valueName\":\"search_term_string\"}}],\"inLanguage\":\"es\"},{\"@type\":\"Organization\",\"@id\":\"https:\\\/\\\/www.gite-vallee-chevreuse.com\\\/#organization\",\"name\":\"G\u00eete en vall\u00e9e de Chevreuse\",\"url\":\"https:\\\/\\\/www.gite-vallee-chevreuse.com\\\/\",\"logo\":{\"@type\":\"ImageObject\",\"inLanguage\":\"es\",\"@id\":\"https:\\\/\\\/www.gite-vallee-chevreuse.com\\\/#\\\/schema\\\/logo\\\/image\\\/\",\"url\":\"https:\\\/\\\/www.gite-vallee-chevreuse.com\\\/wp-content\\\/uploads\\\/2019\\\/11\\\/logo-header.webp\",\"contentUrl\":\"https:\\\/\\\/www.gite-vallee-chevreuse.com\\\/wp-content\\\/uploads\\\/2019\\\/11\\\/logo-header.webp\",\"width\":192,\"height\":169,\"caption\":\"G\u00eete en vall\u00e9e de Chevreuse\"},\"image\":{\"@id\":\"https:\\\/\\\/www.gite-vallee-chevreuse.com\\\/#\\\/schema\\\/logo\\\/image\\\/\"}},{\"@type\":\"Person\",\"@id\":\"https:\\\/\\\/www.gite-vallee-chevreuse.com\\\/#\\\/schema\\\/person\\\/649ee4ca02a81961cde8ccc17089f8c5\",\"name\":\"Gite-vallee-chev_HWD\"}]}<\/script>\n<!-- \/ Yoast SEO plugin. -->","yoast_head_json":{"title":"Alojamiento rural para viaje profesional en Chevreuse \/ Yvelines - Alojamiento rural en el valle de Chevreuse","robots":{"index":"index","follow":"follow","max-snippet":"max-snippet:-1","max-image-preview":"max-image-preview:large","max-video-preview":"max-video-preview:-1"},"canonical":"https:\/\/www.gite-vallee-chevreuse.com\/es\/casa-rural-para-desplazamiento-profesional-en-chevreuse-yvelines\/","og_locale":"es_ES","og_type":"article","og_title":"G\u00eete pour d\u00e9placement professionnel en Chevreuse \/ Yvelines - G\u00eete en vall\u00e9e de Chevreuse","og_description":"Si vous \u00eates un professionnel en d\u00e9placement dans les Yvelines, notamment dans la r\u00e9gion de Chevreuse, les G\u00eetes en Vall\u00e9e de Chevreuse offrent une solution d&rsquo;h\u00e9bergement id\u00e9ale alliant confort, praticit\u00e9 et cadre verdoyant. Situ\u00e9s au c\u0153ur de Chevreuse, ces g\u00eetes sont parfaitement adapt\u00e9s pour les s\u00e9jours professionnels, les soir\u00e9es \u00e9tapes et les s\u00e9minaires. Un h\u00e9bergement [&hellip;]","og_url":"https:\/\/www.gite-vallee-chevreuse.com\/es\/casa-rural-para-desplazamiento-profesional-en-chevreuse-yvelines\/","og_site_name":"G\u00eete en vall\u00e9e de Chevreuse","article_published_time":"2025-02-20T13:01:23+00:00","article_modified_time":"2025-02-20T13:01:50+00:00","og_image":[{"width":2560,"height":1244,"url":"https:\/\/www.gite-vallee-chevreuse.com\/wp-content\/uploads\/2021\/05\/20190916_171139-scaled.jpg","type":"image\/jpeg"}],"author":"Gite-vallee-chev_HWD","twitter_card":"summary_large_image","twitter_misc":{"Escrito por":"Gite-vallee-chev_HWD","Tiempo de lectura":"3 minutos"},"schema":{"@context":"https:\/\/schema.org","@graph":[{"@type":"Article","@id":"https:\/\/www.gite-vallee-chevreuse.com\/gite-pour-deplacement-professionnel-en-chevreuse-yvelines\/#article","isPartOf":{"@id":"https:\/\/www.gite-vallee-chevreuse.com\/gite-pour-deplacement-professionnel-en-chevreuse-yvelines\/"},"author":{"name":"Gite-vallee-chev_HWD","@id":"https:\/\/www.gite-vallee-chevreuse.com\/#\/schema\/person\/649ee4ca02a81961cde8ccc17089f8c5"},"headline":"G\u00eete pour d\u00e9placement professionnel en Chevreuse \/ Yvelines","datePublished":"2025-02-20T13:01:23+00:00","dateModified":"2025-02-20T13:01:50+00:00","mainEntityOfPage":{"@id":"https:\/\/www.gite-vallee-chevreuse.com\/gite-pour-deplacement-professionnel-en-chevreuse-yvelines\/"},"wordCount":483,"publisher":{"@id":"https:\/\/www.gite-vallee-chevreuse.com\/#organization"},"image":{"@id":"https:\/\/www.gite-vallee-chevreuse.com\/gite-pour-deplacement-professionnel-en-chevreuse-yvelines\/#primaryimage"},"thumbnailUrl":"https:\/\/www.gite-vallee-chevreuse.com\/wp-content\/uploads\/2021\/05\/20190916_171139-scaled.jpg","articleSection":["G\u00eete pour d\u00e9placement professionnel en Chevreuse \/ Yvelines"],"inLanguage":"es"},{"@type":"WebPage","@id":"https:\/\/www.gite-vallee-chevreuse.com\/gite-pour-deplacement-professionnel-en-chevreuse-yvelines\/","url":"https:\/\/www.gite-vallee-chevreuse.com\/gite-pour-deplacement-professionnel-en-chevreuse-yvelines\/","name":"Alojamiento rural para viaje profesional en Chevreuse \/ Yvelines - Alojamiento rural en el valle de Chevreuse","isPartOf":{"@id":"https:\/\/www.gite-vallee-chevreuse.com\/#website"},"primaryImageOfPage":{"@id":"https:\/\/www.gite-vallee-chevreuse.com\/gite-pour-deplacement-professionnel-en-chevreuse-yvelines\/#primaryimage"},"image":{"@id":"https:\/\/www.gite-vallee-chevreuse.com\/gite-pour-deplacement-professionnel-en-chevreuse-yvelines\/#primaryimage"},"thumbnailUrl":"https:\/\/www.gite-vallee-chevreuse.com\/wp-content\/uploads\/2021\/05\/20190916_171139-scaled.jpg","datePublished":"2025-02-20T13:01:23+00:00","dateModified":"2025-02-20T13:01:50+00:00","breadcrumb":{"@id":"https:\/\/www.gite-vallee-chevreuse.com\/gite-pour-deplacement-professionnel-en-chevreuse-yvelines\/#breadcrumb"},"inLanguage":"es","potentialAction":[{"@type":"ReadAction","target":["https:\/\/www.gite-vallee-chevreuse.com\/gite-pour-deplacement-professionnel-en-chevreuse-yvelines\/"]}]},{"@type":"ImageObject","inLanguage":"es","@id":"https:\/\/www.gite-vallee-chevreuse.com\/gite-pour-deplacement-professionnel-en-chevreuse-yvelines\/#primaryimage","url":"https:\/\/www.gite-vallee-chevreuse.com\/wp-content\/uploads\/2021\/05\/20190916_171139-scaled.jpg","contentUrl":"https:\/\/www.gite-vallee-chevreuse.com\/wp-content\/uploads\/2021\/05\/20190916_171139-scaled.jpg","width":2560,"height":1244,"caption":"chambre studio lit 180x200 ou 2x 90x200"},{"@type":"BreadcrumbList","@id":"https:\/\/www.gite-vallee-chevreuse.com\/gite-pour-deplacement-professionnel-en-chevreuse-yvelines\/#breadcrumb","itemListElement":[{"@type":"ListItem","position":1,"name":"Accueil","item":"https:\/\/www.gite-vallee-chevreuse.com\/"},{"@type":"ListItem","position":2,"name":"G\u00eete pour d\u00e9placement professionnel en Chevreuse \/ Yvelines"}]},{"@type":"WebSite","@id":"https:\/\/www.gite-vallee-chevreuse.com\/#website","url":"https:\/\/www.gite-vallee-chevreuse.com\/","name":"Casa rural en el valle de Chevreuse","description":"Casas rurales y habitaciones de hu\u00e9spedes en el valle de Chevreuse","publisher":{"@id":"https:\/\/www.gite-vallee-chevreuse.com\/#organization"},"potentialAction":[{"@type":"SearchAction","target":{"@type":"EntryPoint","urlTemplate":"https:\/\/www.gite-vallee-chevreuse.com\/?s={search_term_string}"},"query-input":{"@type":"PropertyValueSpecification","valueRequired":true,"valueName":"search_term_string"}}],"inLanguage":"es"},{"@type":"Organization","@id":"https:\/\/www.gite-vallee-chevreuse.com\/#organization","name":"Casa rural en el valle de Chevreuse","url":"https:\/\/www.gite-vallee-chevreuse.com\/","logo":{"@type":"ImageObject","inLanguage":"es","@id":"https:\/\/www.gite-vallee-chevreuse.com\/#\/schema\/logo\/image\/","url":"https:\/\/www.gite-vallee-chevreuse.com\/wp-content\/uploads\/2019\/11\/logo-header.webp","contentUrl":"https:\/\/www.gite-vallee-chevreuse.com\/wp-content\/uploads\/2019\/11\/logo-header.webp","width":192,"height":169,"caption":"G\u00eete en vall\u00e9e de Chevreuse"},"image":{"@id":"https:\/\/www.gite-vallee-chevreuse.com\/#\/schema\/logo\/image\/"}},{"@type":"Person","@id":"https:\/\/www.gite-vallee-chevreuse.com\/#\/schema\/person\/649ee4ca02a81961cde8ccc17089f8c5","name":"Gite-vallee-chev_HWD"}]}},"_links":{"self":[{"href":"https:\/\/www.gite-vallee-chevreuse.com\/es\/wp-json\/wp\/v2\/posts\/1134","targetHints":{"allow":["GET"]}}],"collection":[{"href":"https:\/\/www.gite-vallee-chevreuse.com\/es\/wp-json\/wp\/v2\/posts"}],"about":[{"href":"https:\/\/www.gite-vallee-chevreuse.com\/es\/wp-json\/wp\/v2\/types\/post"}],"author":[{"embeddable":true,"href":"https:\/\/www.gite-vallee-chevreuse.com\/es\/wp-json\/wp\/v2\/users\/1"}],"replies":[{"embeddable":true,"href":"https:\/\/www.gite-vallee-chevreuse.com\/es\/wp-json\/wp\/v2\/comments?post=1134"}],"version-history":[{"count":0,"href":"https:\/\/www.gite-vallee-chevreuse.com\/es\/wp-json\/wp\/v2\/posts\/1134\/revisions"}],"wp:featuredmedia":[{"embeddable":true,"href":"https:\/\/www.gite-vallee-chevreuse.com\/es\/wp-json\/wp\/v2\/media\/736"}],"wp:attachment":[{"href":"https:\/\/www.gite-vallee-chevreuse.com\/es\/wp-json\/wp\/v2\/media?parent=1134"}],"wp:term":[{"taxonomy":"category","embeddable":true,"href":"https:\/\/www.gite-vallee-chevreuse.com\/es\/wp-json\/wp\/v2\/categories?post=1134"},{"taxonomy":"post_tag","embeddable":true,"href":"https:\/\/www.gite-vallee-chevreuse.com\/es\/wp-json\/wp\/v2\/tags?post=1134"}],"curies":[{"name":"wp","href":"https:\/\/api.w.org\/{rel}","templated":true}]}}