{"id":1134,"date":"2025-02-20T14:01:23","date_gmt":"2025-02-20T13:01:23","guid":{"rendered":"https:\/\/www.gite-vallee-chevreuse.com\/?p=1134"},"modified":"2025-02-20T14:01:50","modified_gmt":"2025-02-20T13:01:50","slug":"gite-fur-berufliche-reisen-in-chevreuse-yvelines","status":"publish","type":"post","link":"https:\/\/www.gite-vallee-chevreuse.com\/de\/gite-fur-berufliche-reisen-in-chevreuse-yvelines\/","title":{"rendered":"Ferienhaus f\u00fcr Gesch\u00e4ftsreise in Chevreuse \/ Yvelines"},"content":{"rendered":"<p data-start=\"0\" data-end=\"360\"><img loading=\"lazy\" decoding=\"async\" class=\"wp-image-844 alignleft\" src=\"https:\/\/www.gite-vallee-chevreuse.com\/wp-content\/uploads\/2024\/01\/gite-vallee-chevreuse-chambre.jpg\" alt=\"\" width=\"433\" height=\"577\" \/>Wenn Sie als Gesch\u00e4ftsreisender in den Yvelines unterwegs sind, insbesondere in der Region Chevreuse, bieten die G\u00eetes en Vall\u00e9e de Chevreuse eine ideale Unterkunftsl\u00f6sung, die Komfort, Praktikabilit\u00e4t und ein gr\u00fcnes Umfeld vereint. Im Herzen von Chevreuse gelegen, sind diese G\u00eetes perfekt f\u00fcr Gesch\u00e4ftsaufenthalte, Abendetappen und Seminare geeignet.<\/p>\n<h2 data-start=\"362\" data-end=\"405\">Eine auf Berufst\u00e4tige zugeschnittene Unterkunft<\/h2>\n<p data-start=\"407\" data-end=\"865\">Die G\u00eetes en Vall\u00e9e de Chevreuse bieten vier unabh\u00e4ngige G\u00eetes, die 1 bis 14 Personen aufnehmen k\u00f6nnen. Jedes G\u00eete ist mit kostenlosem WLAN ausgestattet, das unverzichtbar ist, um w\u00e4hrend Ihrer beruflichen Eins\u00e4tze verbunden zu bleiben. Bettw\u00e4sche und Handt\u00fccher sind inklusive, sodass Sie leicht reisen und sich schnell einrichten k\u00f6nnen. Dar\u00fcber hinaus verf\u00fcgt jedes G\u00eete \u00fcber eine private Terrasse, die einen Entspannungsbereich nach einem intensiven Arbeitstag bietet.<\/p>\n<h2 data-start=\"867\" data-end=\"907\">N\u00e4he zu den Gesch\u00e4ftszentren<\/h2>\n<p data-start=\"909\" data-end=\"1413\">Nur wenige Kilometer von Versailles und Saint-Quentin-en-Yvelines entfernt, profitieren die G\u00eetes von einer strategischen Lage f\u00fcr Berufst\u00e4tige. Die N\u00e4he zu diesen Wirtschaftszentren erleichtert Ihre Wege und erm\u00f6glicht es Ihnen, Ihre Treffpunkte schnell zu erreichen. Au\u00dferdem bietet das Dorf Chevreuse alle notwendigen Annehmlichkeiten, mit lokalen Gesch\u00e4ften, die bis Sonntagmittag ge\u00f6ffnet sind, wie Metzgerei, Catering, K\u00e4ser, Weinh\u00e4ndler und Nahversorgungs-Superm\u00e4rkte.<\/p>\n<h2 data-start=\"1415\" data-end=\"1463\">Aktivit\u00e4ten zur St\u00e4rkung des Teamzusammenhalts<\/h2>\n<p data-start=\"1465\" data-end=\"1866\">Nach Ihren Meetings oder Seminaren nutzen Sie die zahlreichen Aktivit\u00e4ten, die die Region bietet, um den Zusammenhalt Ihres Teams zu st\u00e4rken. Wanderwege wie die \u00ab\u00a0promenade des petits ponts\u00a0\u00bb bieten ideale M\u00f6glichkeiten f\u00fcr Gruppenspazierg\u00e4nge. Der Verleih von E-Bikes am Bahnhof Saint-R\u00e9my-l\u00e8s-Chevreuse erm\u00f6glicht es ebenfalls, die Region auf spielerische und \u00f6kologische Weise zu erkunden.<\/p>\n<h2 data-start=\"1868\" data-end=\"1919\">Zus\u00e4tzliche Services f\u00fcr Berufst\u00e4tige<\/h2>\n<p data-start=\"1921\" data-end=\"2264\">In dem Bewusstsein der spezifischen Bed\u00fcrfnisse von Berufst\u00e4tigen stellen die G\u00eetes en Vall\u00e9e de Chevreuse passende Services zur Verf\u00fcgung, wie dedizierte Arbeitsbereiche und die M\u00f6glichkeit, Catering-Mahlzeiten f\u00fcr Ihre Teams zu organisieren. Zudem erleichtert die Flexibilit\u00e4t der An- und Abreisezeiten die Verwaltung Ihres Zeitplans.<\/p>\n<h2 data-start=\"2266\" data-end=\"2306\">Reservierung und praktische Informationen<\/h2>\n<p data-start=\"2308\" data-end=\"2608\">Um Ihren Gesch\u00e4ftsaufenthalt oder Ihre Abendetappe in den Yvelines zu organisieren, kontaktieren Sie C\u00e9line unter 06 73 50 06 04 oder Camel unter 06 81 68 94 76. Sie k\u00f6nnen auch die offizielle Website der G\u00eetes en Vall\u00e9e de Chevreuse besuchen, um die Verf\u00fcgbarkeiten zu pr\u00fcfen und eine Online-Reservierung vorzunehmen.<\/p>\n<p data-start=\"2610\" data-end=\"2800\">Wenn Sie die G\u00eetes en Vall\u00e9e de Chevreuse f\u00fcr Ihre berufliche Unterkunft w\u00e4hlen, entscheiden Sie sich f\u00fcr einen Rahmen, der Effizienz, Komfort und Gelassenheit vereint und f\u00f6rderlich f\u00fcr den Erfolg Ihrer Eins\u00e4tze ist.<\/p>","protected":false},"excerpt":{"rendered":"<p>Wenn Sie als Gesch\u00e4ftsreisender in den Yvelines unterwegs sind, insbesondere in der Region Chevreuse, bieten die G\u00eetes en Vall\u00e9e de Chevreuse eine ideale Unterkunftsl\u00f6sung, die Komfort, Praktikabilit\u00e4t und ein gr\u00fcnes Umfeld vereint. Im Herzen von Chevreuse gelegen, sind diese G\u00eetes perfekt f\u00fcr Gesch\u00e4ftsaufenthalte, Abendetappen und Seminare geeignet.<\/p>","protected":false},"author":1,"featured_media":736,"comment_status":"closed","ping_status":"closed","sticky":false,"template":"","format":"standard","meta":{"_yoast_wpseo_focuskw":"","_yoast_wpseo_title":"","_yoast_wpseo_metadesc":"","_yoast_wpseo_opengraph-title":"","_yoast_wpseo_opengraph-image":"","_yoast_wpseo_twitter-title":"","_yoast_wpseo_twitter-image":"","_et_pb_use_builder":"","_et_pb_old_content":"","_et_gb_content_width":"","footnotes":""},"categories":[25],"tags":[],"class_list":["post-1134","post","type-post","status-publish","format-standard","has-post-thumbnail","hentry","category-gite-pour-deplacement-professionnel-en-chevreuse-yvelines"],"yoast_head":"<!-- This site is optimized with the Yoast SEO plugin v27.5 - https:\/\/yoast.com\/product\/yoast-seo-wordpress\/ -->\n<title>G\u00eete pour d\u00e9placement professionnel en Chevreuse \/ Yvelines - G\u00eete en vall\u00e9e de Chevreuse<\/title>\n<meta name=\"robots\" content=\"index, follow, max-snippet:-1, max-image-preview:large, max-video-preview:-1\" \/>\n<link rel=\"canonical\" href=\"https:\/\/www.gite-vallee-chevreuse.com\/de\/gite-fur-berufliche-reisen-in-chevreuse-yvelines\/\" \/>\n<meta property=\"og:locale\" content=\"de_DE\" \/>\n<meta property=\"og:type\" content=\"article\" \/>\n<meta property=\"og:title\" content=\"G\u00eete pour d\u00e9placement professionnel en Chevreuse \/ Yvelines - G\u00eete en vall\u00e9e de Chevreuse\" \/>\n<meta property=\"og:description\" content=\"Si vous \u00eates un professionnel en d\u00e9placement dans les Yvelines, notamment dans la r\u00e9gion de Chevreuse, les G\u00eetes en Vall\u00e9e de Chevreuse offrent une solution d&rsquo;h\u00e9bergement id\u00e9ale alliant confort, praticit\u00e9 et cadre verdoyant. Situ\u00e9s au c\u0153ur de Chevreuse, ces g\u00eetes sont parfaitement adapt\u00e9s pour les s\u00e9jours professionnels, les soir\u00e9es \u00e9tapes et les s\u00e9minaires. Un h\u00e9bergement [&hellip;]\" \/>\n<meta property=\"og:url\" content=\"https:\/\/www.gite-vallee-chevreuse.com\/de\/gite-fur-berufliche-reisen-in-chevreuse-yvelines\/\" \/>\n<meta property=\"og:site_name\" content=\"G\u00eete en vall\u00e9e de Chevreuse\" \/>\n<meta property=\"article:published_time\" content=\"2025-02-20T13:01:23+00:00\" \/>\n<meta property=\"article:modified_time\" content=\"2025-02-20T13:01:50+00:00\" \/>\n<meta property=\"og:image\" content=\"https:\/\/www.gite-vallee-chevreuse.com\/wp-content\/uploads\/2021\/05\/20190916_171139-scaled.jpg\" \/>\n\t<meta property=\"og:image:width\" content=\"2560\" \/>\n\t<meta property=\"og:image:height\" content=\"1244\" \/>\n\t<meta property=\"og:image:type\" content=\"image\/jpeg\" \/>\n<meta name=\"author\" content=\"Gite-vallee-chev_HWD\" \/>\n<meta name=\"twitter:card\" content=\"summary_large_image\" \/>\n<meta name=\"twitter:label1\" content=\"Verfasst von\" \/>\n\t<meta name=\"twitter:data1\" content=\"Gite-vallee-chev_HWD\" \/>\n\t<meta name=\"twitter:label2\" content=\"Gesch\u00e4tzte Lesezeit\" \/>\n\t<meta name=\"twitter:data2\" content=\"3\u00a0Minuten\" \/>\n<script type=\"application\/ld+json\" class=\"yoast-schema-graph\">{\"@context\":\"https:\\\/\\\/schema.org\",\"@graph\":[{\"@type\":\"Article\",\"@id\":\"https:\\\/\\\/www.gite-vallee-chevreuse.com\\\/gite-pour-deplacement-professionnel-en-chevreuse-yvelines\\\/#article\",\"isPartOf\":{\"@id\":\"https:\\\/\\\/www.gite-vallee-chevreuse.com\\\/gite-pour-deplacement-professionnel-en-chevreuse-yvelines\\\/\"},\"author\":{\"name\":\"Gite-vallee-chev_HWD\",\"@id\":\"https:\\\/\\\/www.gite-vallee-chevreuse.com\\\/#\\\/schema\\\/person\\\/649ee4ca02a81961cde8ccc17089f8c5\"},\"headline\":\"G\u00eete pour d\u00e9placement professionnel en Chevreuse \\\/ Yvelines\",\"datePublished\":\"2025-02-20T13:01:23+00:00\",\"dateModified\":\"2025-02-20T13:01:50+00:00\",\"mainEntityOfPage\":{\"@id\":\"https:\\\/\\\/www.gite-vallee-chevreuse.com\\\/gite-pour-deplacement-professionnel-en-chevreuse-yvelines\\\/\"},\"wordCount\":483,\"publisher\":{\"@id\":\"https:\\\/\\\/www.gite-vallee-chevreuse.com\\\/#organization\"},\"image\":{\"@id\":\"https:\\\/\\\/www.gite-vallee-chevreuse.com\\\/gite-pour-deplacement-professionnel-en-chevreuse-yvelines\\\/#primaryimage\"},\"thumbnailUrl\":\"https:\\\/\\\/www.gite-vallee-chevreuse.com\\\/wp-content\\\/uploads\\\/2021\\\/05\\\/20190916_171139-scaled.jpg\",\"articleSection\":[\"G\u00eete pour d\u00e9placement professionnel en Chevreuse \\\/ Yvelines\"],\"inLanguage\":\"de\"},{\"@type\":\"WebPage\",\"@id\":\"https:\\\/\\\/www.gite-vallee-chevreuse.com\\\/gite-pour-deplacement-professionnel-en-chevreuse-yvelines\\\/\",\"url\":\"https:\\\/\\\/www.gite-vallee-chevreuse.com\\\/gite-pour-deplacement-professionnel-en-chevreuse-yvelines\\\/\",\"name\":\"G\u00eete pour d\u00e9placement professionnel en Chevreuse \\\/ Yvelines - G\u00eete en vall\u00e9e de Chevreuse\",\"isPartOf\":{\"@id\":\"https:\\\/\\\/www.gite-vallee-chevreuse.com\\\/#website\"},\"primaryImageOfPage\":{\"@id\":\"https:\\\/\\\/www.gite-vallee-chevreuse.com\\\/gite-pour-deplacement-professionnel-en-chevreuse-yvelines\\\/#primaryimage\"},\"image\":{\"@id\":\"https:\\\/\\\/www.gite-vallee-chevreuse.com\\\/gite-pour-deplacement-professionnel-en-chevreuse-yvelines\\\/#primaryimage\"},\"thumbnailUrl\":\"https:\\\/\\\/www.gite-vallee-chevreuse.com\\\/wp-content\\\/uploads\\\/2021\\\/05\\\/20190916_171139-scaled.jpg\",\"datePublished\":\"2025-02-20T13:01:23+00:00\",\"dateModified\":\"2025-02-20T13:01:50+00:00\",\"breadcrumb\":{\"@id\":\"https:\\\/\\\/www.gite-vallee-chevreuse.com\\\/gite-pour-deplacement-professionnel-en-chevreuse-yvelines\\\/#breadcrumb\"},\"inLanguage\":\"de\",\"potentialAction\":[{\"@type\":\"ReadAction\",\"target\":[\"https:\\\/\\\/www.gite-vallee-chevreuse.com\\\/gite-pour-deplacement-professionnel-en-chevreuse-yvelines\\\/\"]}]},{\"@type\":\"ImageObject\",\"inLanguage\":\"de\",\"@id\":\"https:\\\/\\\/www.gite-vallee-chevreuse.com\\\/gite-pour-deplacement-professionnel-en-chevreuse-yvelines\\\/#primaryimage\",\"url\":\"https:\\\/\\\/www.gite-vallee-chevreuse.com\\\/wp-content\\\/uploads\\\/2021\\\/05\\\/20190916_171139-scaled.jpg\",\"contentUrl\":\"https:\\\/\\\/www.gite-vallee-chevreuse.com\\\/wp-content\\\/uploads\\\/2021\\\/05\\\/20190916_171139-scaled.jpg\",\"width\":2560,\"height\":1244,\"caption\":\"chambre studio lit 180x200 ou 2x 90x200\"},{\"@type\":\"BreadcrumbList\",\"@id\":\"https:\\\/\\\/www.gite-vallee-chevreuse.com\\\/gite-pour-deplacement-professionnel-en-chevreuse-yvelines\\\/#breadcrumb\",\"itemListElement\":[{\"@type\":\"ListItem\",\"position\":1,\"name\":\"Accueil\",\"item\":\"https:\\\/\\\/www.gite-vallee-chevreuse.com\\\/\"},{\"@type\":\"ListItem\",\"position\":2,\"name\":\"G\u00eete pour d\u00e9placement professionnel en Chevreuse \\\/ Yvelines\"}]},{\"@type\":\"WebSite\",\"@id\":\"https:\\\/\\\/www.gite-vallee-chevreuse.com\\\/#website\",\"url\":\"https:\\\/\\\/www.gite-vallee-chevreuse.com\\\/\",\"name\":\"G\u00eete en vall\u00e9e de Chevreuse\",\"description\":\"Gites chambre d&#039;hote en vall\u00e9e de Chevreuse\",\"publisher\":{\"@id\":\"https:\\\/\\\/www.gite-vallee-chevreuse.com\\\/#organization\"},\"potentialAction\":[{\"@type\":\"SearchAction\",\"target\":{\"@type\":\"EntryPoint\",\"urlTemplate\":\"https:\\\/\\\/www.gite-vallee-chevreuse.com\\\/?s={search_term_string}\"},\"query-input\":{\"@type\":\"PropertyValueSpecification\",\"valueRequired\":true,\"valueName\":\"search_term_string\"}}],\"inLanguage\":\"de\"},{\"@type\":\"Organization\",\"@id\":\"https:\\\/\\\/www.gite-vallee-chevreuse.com\\\/#organization\",\"name\":\"G\u00eete en vall\u00e9e de Chevreuse\",\"url\":\"https:\\\/\\\/www.gite-vallee-chevreuse.com\\\/\",\"logo\":{\"@type\":\"ImageObject\",\"inLanguage\":\"de\",\"@id\":\"https:\\\/\\\/www.gite-vallee-chevreuse.com\\\/#\\\/schema\\\/logo\\\/image\\\/\",\"url\":\"https:\\\/\\\/www.gite-vallee-chevreuse.com\\\/wp-content\\\/uploads\\\/2019\\\/11\\\/logo-header.webp\",\"contentUrl\":\"https:\\\/\\\/www.gite-vallee-chevreuse.com\\\/wp-content\\\/uploads\\\/2019\\\/11\\\/logo-header.webp\",\"width\":192,\"height\":169,\"caption\":\"G\u00eete en vall\u00e9e de Chevreuse\"},\"image\":{\"@id\":\"https:\\\/\\\/www.gite-vallee-chevreuse.com\\\/#\\\/schema\\\/logo\\\/image\\\/\"}},{\"@type\":\"Person\",\"@id\":\"https:\\\/\\\/www.gite-vallee-chevreuse.com\\\/#\\\/schema\\\/person\\\/649ee4ca02a81961cde8ccc17089f8c5\",\"name\":\"Gite-vallee-chev_HWD\"}]}<\/script>\n<!-- \/ Yoast SEO plugin. -->","yoast_head_json":{"title":"Ferienhaus f\u00fcr Gesch\u00e4ftsreisen in Chevreuse \/ Yvelines - Ferienhaus im Tal von Chevreuse","robots":{"index":"index","follow":"follow","max-snippet":"max-snippet:-1","max-image-preview":"max-image-preview:large","max-video-preview":"max-video-preview:-1"},"canonical":"https:\/\/www.gite-vallee-chevreuse.com\/de\/gite-fur-berufliche-reisen-in-chevreuse-yvelines\/","og_locale":"de_DE","og_type":"article","og_title":"G\u00eete pour d\u00e9placement professionnel en Chevreuse \/ Yvelines - G\u00eete en vall\u00e9e de Chevreuse","og_description":"Si vous \u00eates un professionnel en d\u00e9placement dans les Yvelines, notamment dans la r\u00e9gion de Chevreuse, les G\u00eetes en Vall\u00e9e de Chevreuse offrent une solution d&rsquo;h\u00e9bergement id\u00e9ale alliant confort, praticit\u00e9 et cadre verdoyant. Situ\u00e9s au c\u0153ur de Chevreuse, ces g\u00eetes sont parfaitement adapt\u00e9s pour les s\u00e9jours professionnels, les soir\u00e9es \u00e9tapes et les s\u00e9minaires. Un h\u00e9bergement [&hellip;]","og_url":"https:\/\/www.gite-vallee-chevreuse.com\/de\/gite-fur-berufliche-reisen-in-chevreuse-yvelines\/","og_site_name":"G\u00eete en vall\u00e9e de Chevreuse","article_published_time":"2025-02-20T13:01:23+00:00","article_modified_time":"2025-02-20T13:01:50+00:00","og_image":[{"width":2560,"height":1244,"url":"https:\/\/www.gite-vallee-chevreuse.com\/wp-content\/uploads\/2021\/05\/20190916_171139-scaled.jpg","type":"image\/jpeg"}],"author":"Gite-vallee-chev_HWD","twitter_card":"summary_large_image","twitter_misc":{"Verfasst von":"Gite-vallee-chev_HWD","Gesch\u00e4tzte Lesezeit":"3\u00a0Minuten"},"schema":{"@context":"https:\/\/schema.org","@graph":[{"@type":"Article","@id":"https:\/\/www.gite-vallee-chevreuse.com\/gite-pour-deplacement-professionnel-en-chevreuse-yvelines\/#article","isPartOf":{"@id":"https:\/\/www.gite-vallee-chevreuse.com\/gite-pour-deplacement-professionnel-en-chevreuse-yvelines\/"},"author":{"name":"Gite-vallee-chev_HWD","@id":"https:\/\/www.gite-vallee-chevreuse.com\/#\/schema\/person\/649ee4ca02a81961cde8ccc17089f8c5"},"headline":"G\u00eete pour d\u00e9placement professionnel en Chevreuse \/ Yvelines","datePublished":"2025-02-20T13:01:23+00:00","dateModified":"2025-02-20T13:01:50+00:00","mainEntityOfPage":{"@id":"https:\/\/www.gite-vallee-chevreuse.com\/gite-pour-deplacement-professionnel-en-chevreuse-yvelines\/"},"wordCount":483,"publisher":{"@id":"https:\/\/www.gite-vallee-chevreuse.com\/#organization"},"image":{"@id":"https:\/\/www.gite-vallee-chevreuse.com\/gite-pour-deplacement-professionnel-en-chevreuse-yvelines\/#primaryimage"},"thumbnailUrl":"https:\/\/www.gite-vallee-chevreuse.com\/wp-content\/uploads\/2021\/05\/20190916_171139-scaled.jpg","articleSection":["G\u00eete pour d\u00e9placement professionnel en Chevreuse \/ Yvelines"],"inLanguage":"de"},{"@type":"WebPage","@id":"https:\/\/www.gite-vallee-chevreuse.com\/gite-pour-deplacement-professionnel-en-chevreuse-yvelines\/","url":"https:\/\/www.gite-vallee-chevreuse.com\/gite-pour-deplacement-professionnel-en-chevreuse-yvelines\/","name":"Ferienhaus f\u00fcr Gesch\u00e4ftsreisen in Chevreuse \/ Yvelines - Ferienhaus im Tal von Chevreuse","isPartOf":{"@id":"https:\/\/www.gite-vallee-chevreuse.com\/#website"},"primaryImageOfPage":{"@id":"https:\/\/www.gite-vallee-chevreuse.com\/gite-pour-deplacement-professionnel-en-chevreuse-yvelines\/#primaryimage"},"image":{"@id":"https:\/\/www.gite-vallee-chevreuse.com\/gite-pour-deplacement-professionnel-en-chevreuse-yvelines\/#primaryimage"},"thumbnailUrl":"https:\/\/www.gite-vallee-chevreuse.com\/wp-content\/uploads\/2021\/05\/20190916_171139-scaled.jpg","datePublished":"2025-02-20T13:01:23+00:00","dateModified":"2025-02-20T13:01:50+00:00","breadcrumb":{"@id":"https:\/\/www.gite-vallee-chevreuse.com\/gite-pour-deplacement-professionnel-en-chevreuse-yvelines\/#breadcrumb"},"inLanguage":"de","potentialAction":[{"@type":"ReadAction","target":["https:\/\/www.gite-vallee-chevreuse.com\/gite-pour-deplacement-professionnel-en-chevreuse-yvelines\/"]}]},{"@type":"ImageObject","inLanguage":"de","@id":"https:\/\/www.gite-vallee-chevreuse.com\/gite-pour-deplacement-professionnel-en-chevreuse-yvelines\/#primaryimage","url":"https:\/\/www.gite-vallee-chevreuse.com\/wp-content\/uploads\/2021\/05\/20190916_171139-scaled.jpg","contentUrl":"https:\/\/www.gite-vallee-chevreuse.com\/wp-content\/uploads\/2021\/05\/20190916_171139-scaled.jpg","width":2560,"height":1244,"caption":"chambre studio lit 180x200 ou 2x 90x200"},{"@type":"BreadcrumbList","@id":"https:\/\/www.gite-vallee-chevreuse.com\/gite-pour-deplacement-professionnel-en-chevreuse-yvelines\/#breadcrumb","itemListElement":[{"@type":"ListItem","position":1,"name":"Accueil","item":"https:\/\/www.gite-vallee-chevreuse.com\/"},{"@type":"ListItem","position":2,"name":"G\u00eete pour d\u00e9placement professionnel en Chevreuse \/ Yvelines"}]},{"@type":"WebSite","@id":"https:\/\/www.gite-vallee-chevreuse.com\/#website","url":"https:\/\/www.gite-vallee-chevreuse.com\/","name":"Ferienhaus im Chevreuse-Tal","description":"G\u00eetes G\u00e4stezimmer im Tal von Chevreuse","publisher":{"@id":"https:\/\/www.gite-vallee-chevreuse.com\/#organization"},"potentialAction":[{"@type":"SearchAction","target":{"@type":"EntryPoint","urlTemplate":"https:\/\/www.gite-vallee-chevreuse.com\/?s={search_term_string}"},"query-input":{"@type":"PropertyValueSpecification","valueRequired":true,"valueName":"search_term_string"}}],"inLanguage":"de"},{"@type":"Organization","@id":"https:\/\/www.gite-vallee-chevreuse.com\/#organization","name":"Ferienhaus im Chevreuse-Tal","url":"https:\/\/www.gite-vallee-chevreuse.com\/","logo":{"@type":"ImageObject","inLanguage":"de","@id":"https:\/\/www.gite-vallee-chevreuse.com\/#\/schema\/logo\/image\/","url":"https:\/\/www.gite-vallee-chevreuse.com\/wp-content\/uploads\/2019\/11\/logo-header.webp","contentUrl":"https:\/\/www.gite-vallee-chevreuse.com\/wp-content\/uploads\/2019\/11\/logo-header.webp","width":192,"height":169,"caption":"G\u00eete en vall\u00e9e de Chevreuse"},"image":{"@id":"https:\/\/www.gite-vallee-chevreuse.com\/#\/schema\/logo\/image\/"}},{"@type":"Person","@id":"https:\/\/www.gite-vallee-chevreuse.com\/#\/schema\/person\/649ee4ca02a81961cde8ccc17089f8c5","name":"Gite-vallee-chev_HWD"}]}},"_links":{"self":[{"href":"https:\/\/www.gite-vallee-chevreuse.com\/de\/wp-json\/wp\/v2\/posts\/1134","targetHints":{"allow":["GET"]}}],"collection":[{"href":"https:\/\/www.gite-vallee-chevreuse.com\/de\/wp-json\/wp\/v2\/posts"}],"about":[{"href":"https:\/\/www.gite-vallee-chevreuse.com\/de\/wp-json\/wp\/v2\/types\/post"}],"author":[{"embeddable":true,"href":"https:\/\/www.gite-vallee-chevreuse.com\/de\/wp-json\/wp\/v2\/users\/1"}],"replies":[{"embeddable":true,"href":"https:\/\/www.gite-vallee-chevreuse.com\/de\/wp-json\/wp\/v2\/comments?post=1134"}],"version-history":[{"count":0,"href":"https:\/\/www.gite-vallee-chevreuse.com\/de\/wp-json\/wp\/v2\/posts\/1134\/revisions"}],"wp:featuredmedia":[{"embeddable":true,"href":"https:\/\/www.gite-vallee-chevreuse.com\/de\/wp-json\/wp\/v2\/media\/736"}],"wp:attachment":[{"href":"https:\/\/www.gite-vallee-chevreuse.com\/de\/wp-json\/wp\/v2\/media?parent=1134"}],"wp:term":[{"taxonomy":"category","embeddable":true,"href":"https:\/\/www.gite-vallee-chevreuse.com\/de\/wp-json\/wp\/v2\/categories?post=1134"},{"taxonomy":"post_tag","embeddable":true,"href":"https:\/\/www.gite-vallee-chevreuse.com\/de\/wp-json\/wp\/v2\/tags?post=1134"}],"curies":[{"name":"wp","href":"https:\/\/api.w.org\/{rel}","templated":true}]}}